{"id":2693,"date":"2024-11-01T08:26:22","date_gmt":"2024-11-01T08:26:22","guid":{"rendered":"https:\/\/ventil.rs\/blog\/sports\/with-rafael-nadal-absent-and-iga-swiateks-dominance-under-threat-the-french-open-is-hard-to-call-cnn\/"},"modified":"2024-11-01T08:26:22","modified_gmt":"2024-11-01T08:26:22","slug":"with-rafael-nadal-absent-and-iga-swiateks-dominance-under-threat-the-french-open-is-hard-to-call-cnn","status":"publish","type":"post","link":"https:\/\/ventil.rs\/blog\/sports\/with-rafael-nadal-absent-and-iga-swiateks-dominance-under-threat-the-french-open-is-hard-to-call-cnn\/","title":{"rendered":"With Rafael Nadal absent and Iga \u015awiatek\u2019s dominance under threat, the French Open is hard to call | CNN"},"content":{"rendered":"<p> <br \/>\n<\/p>\n<div data-editable=\"content\" itemprop=\"articleBody\" data-reorderable=\"content\">\n<p>\n    <cite class=\"source__cite\"><br \/>\n      <span class=\"source__location\" data-editable=\"location\"\/><br \/>\n      <span class=\"source__text\" data-editable=\"source\">CNN<\/span><br \/>\n        \u00a0\u2014\u00a0<br \/>\n    <\/cite>\n<\/p>\n<p class=\"paragraph inline-placeholder vossi-paragraph\" data-uri=\"cms.cnn.com\/_components\/paragraph\/instances\/paragraph_C715DB83-0C50-81B1-AD3C-57C4A77F540B@published\" data-editable=\"text\" data-component-name=\"paragraph\" data-article-gutter=\"true\">\n            It felt like the beginning of the end of an era at the <a href=\"https:\/\/cnn.com\/2013\/06\/03\/world\/europe\/french-open-fast-facts\/index.html\" target=\"_blank\" rel=\"noopener\">French Open<\/a> when <a href=\"http:\/\/www.cnn.com\/2023\/05\/18\/tennis\/rafael-nadal-withdraws-from-french-open-spt-intl\/index.html\" target=\"_blank\" rel=\"noopener\">Rafael Nadal<\/a> announced his absence from the tournament earlier this month.\n    <\/p>\n<p class=\"paragraph inline-placeholder vossi-paragraph\" data-uri=\"cms.cnn.com\/_components\/paragraph\/instances\/paragraph_8F564E70-15C2-35D8-B935-57C5BD0CA56E@published\" data-editable=\"text\" data-component-name=\"paragraph\" data-article-gutter=\"true\">\n            Having struggled with a hip injury since the Australian Open, Nadal \u2013 a 14-time champion at Roland-Garros \u2013 is missing the second grand slam of the year for the first time since his debut in 2005.\n    <\/p>\n<p class=\"paragraph inline-placeholder vossi-paragraph\" data-uri=\"cms.cnn.com\/_components\/paragraph\/instances\/paragraph_FE62A284-4094-8590-08CD-57C5BD0DE8ED@published\" data-editable=\"text\" data-component-name=\"paragraph\" data-article-gutter=\"true\">\n            He also announced that next year will be his last in professional tennis, which, when it comes, will be a defining moment in the history of the clay-court major \u2013 a competition Nadal has dominated for so long.\n    <\/p>\n<p class=\"paragraph inline-placeholder vossi-paragraph\" data-uri=\"cms.cnn.com\/_components\/paragraph\/instances\/paragraph_6E9BC916-53B6-31D9-A2F2-57C5BD0ECEC8@published\" data-editable=\"text\" data-component-name=\"paragraph\" data-article-gutter=\"true\">\n            For now, there is the more pressing matter of who will win this year\u2019s French Open in Paris when it gets underway on Sunday and concludes on June 11.\n    <\/p>\n<p class=\"paragraph inline-placeholder vossi-paragraph\" data-uri=\"cms.cnn.com\/_components\/paragraph\/instances\/paragraph_A8F3414C-2130-9954-C951-58431B708FFC@published\" data-editable=\"text\" data-component-name=\"paragraph\" data-article-gutter=\"true\">\n            In the United States, the French Open is available to watch on NBC, streaming service Peacock, Tennis Channel, and Bally Sports. In European territories except France, the tournament is aired on Eurosport.\n    <\/p>\n<p class=\"paragraph inline-placeholder vossi-paragraph\" data-uri=\"cms.cnn.com\/_components\/paragraph\/instances\/paragraph_C73DAF10-5762-6D11-02C9-58431B70B4C0@published\" data-editable=\"text\" data-component-name=\"paragraph\" data-article-gutter=\"true\">\n            A list of international <a href=\"https:\/\/www.rolandgarros.com\/en-us\/broadcasters\" target=\"_blank\" rel=\"noopener\">broadcasters<\/a> and the <a href=\"https:\/\/www.rolandgarros.com\/en-us\/results\/SM?round=1\" target=\"_blank\" rel=\"noopener\">full draw<\/a> are available on the French Open website.\n    <\/p>\n<p class=\"paragraph inline-placeholder vossi-paragraph\" data-uri=\"cms.cnn.com\/_components\/paragraph\/instances\/paragraph_1E5E9D8A-B3F3-FA17-5E63-57C5BD0F8E49@published\" data-editable=\"text\" data-component-name=\"paragraph\" data-article-gutter=\"true\">\n            Top seed <a href=\"http:\/\/www.cnn.com\/2023\/05\/15\/tennis\/fabian-marozsan-carlos-alcaraz-rome-masters-spt-intl\/index.html\" target=\"_blank\" rel=\"noopener\">Carlos Alcaraz<\/a> is a clay-court specialist and was unbeaten in 12 matches before suffering a shock defeat against world No. 115 F\u00e1bi\u00e1n Marozs\u00e1n at the Italian Open.\n    <\/p>\n<div data-uri=\"cms.cnn.com\/_components\/image\/instances\/image-d7827189c7a1f97d889e52293b58e19a@published\" class=\"image image__hide-placeholder\" data-image-variation=\"image\" data-name=\"05 French Open preview\" data-component-name=\"image\" data-observe-resizes=\"\" data-breakpoints=\"{\" image--eq-extra-small=\"\" data-original-ratio=\"0.6665\" data-original-height=\"1333\" data-original-width=\"2000\" data-url=\"https:\/\/media.cnn.com\/api\/v1\/images\/stellar\/prod\/230526131334-05-french-open-preview.jpg?c=original\" data-editable=\"settings\">\n<div class=\"image__container \" data-image-variation=\"image\" data-breakpoints=\"{\" image--eq-extra-small=\"\">\n       <picture class=\"image__picture\"><source height=\"1333\" width=\"2000\" media=\"(min-width: 1280px)\" srcset=\"https:\/\/media.cnn.com\/api\/v1\/images\/stellar\/prod\/230526131334-05-french-open-preview.jpg?q=w_1110,c_fill\/f_webp\" type=\"image\/webp\"><source height=\"1333\" width=\"2000\" media=\"(min-width: 960px)\" srcset=\"https:\/\/media.cnn.com\/api\/v1\/images\/stellar\/prod\/230526131334-05-french-open-preview.jpg?q=w_1015,c_fill\/f_webp\" type=\"image\/webp\"><source height=\"1333\" width=\"2000\" media=\"(min-width: 480px)\" srcset=\"https:\/\/media.cnn.com\/api\/v1\/images\/stellar\/prod\/230526131334-05-french-open-preview.jpg?q=w_1160,c_fill\/f_webp\" type=\"image\/webp\"><source height=\"1333\" width=\"2000\" media=\"(max-width: 479px)\" srcset=\"https:\/\/media.cnn.com\/api\/v1\/images\/stellar\/prod\/230526131334-05-french-open-preview.jpg?q=w_680,c_fill\/f_webp\" type=\"image\/webp\"><\/source><\/source><\/source><\/source><\/picture>\n    <\/div>\n<\/div>\n<p class=\"paragraph inline-placeholder vossi-paragraph\" data-uri=\"cms.cnn.com\/_components\/paragraph\/instances\/paragraph_EE4F1A2C-2B2F-C572-07F3-5801F892B2DC@published\" data-editable=\"text\" data-component-name=\"paragraph\" data-article-gutter=\"true\">\n            If he is to capture his second grand title, the 20-year-old may have to get past <a href=\"http:\/\/www.cnn.com\/2023\/05\/16\/tennis\/novak-djokovic-cam-norrie-italian-open-spt-intl\/index.html\" target=\"_blank\" rel=\"noopener\">Novak Djokovic<\/a> \u2013 a two-time French Open champion \u2013 in the semifinals.\n    <\/p>\n<p class=\"paragraph inline-placeholder vossi-paragraph\" data-uri=\"cms.cnn.com\/_components\/paragraph\/instances\/paragraph_DB4916C3-6DBD-6909-C19B-57C5BD10B230@published\" data-editable=\"text\" data-component-name=\"paragraph\" data-article-gutter=\"true\">\n            Victory in Paris would see Djokovic win his 23rd grand slam title and overtake Nadal at the top of the men\u2019s all-time list, further staking his claim as the greatest male tennis player in history.\n    <\/p>\n<p class=\"paragraph inline-placeholder vossi-paragraph\" data-uri=\"cms.cnn.com\/_components\/paragraph\/instances\/paragraph_2A87B835-A506-724B-FE06-57C5BD1151A6@published\" data-editable=\"text\" data-component-name=\"paragraph\" data-article-gutter=\"true\">\n            But the Serbian, victorious at the Australian Open at the start of the year, has struggled this clay-court season, failing to get beyond the quarterfinals of three events and missing another with an elbow injury.\n    <\/p>\n<p class=\"paragraph inline-placeholder vossi-paragraph\" data-uri=\"cms.cnn.com\/_components\/paragraph\/instances\/paragraph_B13A9CA5-38F6-9DE4-4A95-57F2633FA8DB@published\" data-editable=\"text\" data-component-name=\"paragraph\" data-article-gutter=\"true\">\n            \u201cA new generation is here already,\u201d Djokovic <a href=\"https:\/\/www.atptour.com\/en\/news\/djokovic-rome-2023-qf-reaction\" target=\"_blank\" rel=\"noopener\">said<\/a> after his quarterfinal defeat at the Italian Open.\n    <\/p>\n<p class=\"paragraph inline-placeholder vossi-paragraph\" data-uri=\"cms.cnn.com\/_components\/paragraph\/instances\/paragraph_B535E5B2-97E3-5EE9-B3E9-57F314616AF1@published\" data-editable=\"text\" data-component-name=\"paragraph\" data-article-gutter=\"true\">\n            \u201cI mean, Alcaraz is No. 1 in the world from [May 22]. Obviously, he\u2019s playing amazing tennis. I think it\u2019s also good for our sport that we have new faces, new guys coming up. It\u2019s normal.\n    <\/p>\n<p class=\"paragraph inline-placeholder vossi-paragraph\" data-uri=\"cms.cnn.com\/_components\/paragraph\/instances\/paragraph_3FE9BF2F-E021-9AE3-07D0-57F3FA98648F@published\" data-editable=\"text\" data-component-name=\"paragraph\" data-article-gutter=\"true\">\n            \u201cWe\u2019ve been saying this for years, that we can expect it to come, that moment to come when you have kind of a shift of generations.\u201d\n    <\/p>\n<div data-uri=\"cms.cnn.com\/_components\/image\/instances\/image-073002730e8a6c554928b6e799e5fcf8@published\" class=\"image image__hide-placeholder\" data-image-variation=\"image\" data-name=\"07 French Open preview\" data-component-name=\"image\" data-observe-resizes=\"\" data-breakpoints=\"{\" image--eq-extra-small=\"\" data-original-ratio=\"0.6665\" data-original-height=\"1333\" data-original-width=\"2000\" data-url=\"https:\/\/media.cnn.com\/api\/v1\/images\/stellar\/prod\/230526131454-07-french-open-preview.jpg?c=original\" data-editable=\"settings\">\n<div class=\"image__container \" data-image-variation=\"image\" data-breakpoints=\"{\" image--eq-extra-small=\"\">\n       <picture class=\"image__picture\"><source height=\"1333\" width=\"2000\" media=\"(min-width: 1280px)\" srcset=\"https:\/\/media.cnn.com\/api\/v1\/images\/stellar\/prod\/230526131454-07-french-open-preview.jpg?q=w_1110,c_fill\/f_webp\" type=\"image\/webp\"><source height=\"1333\" width=\"2000\" media=\"(min-width: 960px)\" srcset=\"https:\/\/media.cnn.com\/api\/v1\/images\/stellar\/prod\/230526131454-07-french-open-preview.jpg?q=w_1015,c_fill\/f_webp\" type=\"image\/webp\"><source height=\"1333\" width=\"2000\" media=\"(min-width: 480px)\" srcset=\"https:\/\/media.cnn.com\/api\/v1\/images\/stellar\/prod\/230526131454-07-french-open-preview.jpg?q=w_1160,c_fill\/f_webp\" type=\"image\/webp\"><source height=\"1333\" width=\"2000\" media=\"(max-width: 479px)\" srcset=\"https:\/\/media.cnn.com\/api\/v1\/images\/stellar\/prod\/230526131454-07-french-open-preview.jpg?q=w_680,c_fill\/f_webp\" type=\"image\/webp\"><img decoding=\"async\" src=\"https:\/\/media.cnn.com\/api\/v1\/images\/stellar\/prod\/230526131454-07-french-open-preview.jpg?q=w_1110,c_fill\" alt=\"Djokovic plays a backhand against Holger Rune at the Italian Open. \" class=\"image__dam-img image__dam-img--loading\" onload=\"this.classList.remove('image__dam-img--loading')\" onerror=\"imageLoadError(this)\" height=\"1333\" width=\"2000\" loading=\"lazy\"\/><\/source><\/source><\/source><\/source><\/picture>\n    <\/div>\n<\/div>\n<p class=\"paragraph inline-placeholder vossi-paragraph\" data-uri=\"cms.cnn.com\/_components\/paragraph\/instances\/paragraph_D042F83F-EACF-9D33-85EA-580280C231A6@published\" data-editable=\"text\" data-component-name=\"paragraph\" data-article-gutter=\"true\">\n            Djokovic\u2019s failure to win a title since the Australian Open and Alcaraz\u2019s surprise defeat in Rome perhaps gives hope to some of the other challengers in Paris this year.\n    <\/p>\n<p class=\"paragraph inline-placeholder vossi-paragraph\" data-uri=\"cms.cnn.com\/_components\/paragraph\/instances\/paragraph_3E8FC371-3587-37F7-E341-57C5BD1354CA@published\" data-editable=\"text\" data-component-name=\"paragraph\" data-article-gutter=\"true\">\n            <a href=\"http:\/\/www.cnn.com\/2023\/05\/22\/tennis\/daniil-medvedev-holger-rune-italian-open-tennis-spt-intl\/index.html\" target=\"_blank\" rel=\"noopener\">Daniil Medvedev<\/a> \u2013 last week\u2019s Italian Open champion \u2013 is on an excellent run of form and has the benefit of being on the opposite side of the draw to Alcaraz and Djokovic.\n    <\/p>\n<p class=\"paragraph inline-placeholder vossi-paragraph\" data-uri=\"cms.cnn.com\/_components\/paragraph\/instances\/paragraph_916CBDA9-C1D2-FF24-E0AD-57C5BD1413D9@published\" data-editable=\"text\" data-component-name=\"paragraph\" data-article-gutter=\"true\">\n            Casper Ruud and Stefanos Tsitsipas, both former French Open finalists, will be hopeful of having deep runs, while sixth seed <a href=\"http:\/\/www.cnn.com\/2023\/05\/17\/tennis\/holger-rune-beats-novak-djokovic-italian-open-spt-intl\/index.html\" target=\"_blank\" rel=\"noopener\">Holger Rune <\/a>looks to be a star for the future having ousted Djokovic at the Italian Open.\n    <\/p>\n<p class=\"paragraph inline-placeholder vossi-paragraph\" data-uri=\"cms.cnn.com\/_components\/paragraph\/instances\/paragraph_78C5F2FA-DF83-8632-DBFD-57C5BD154439@published\" data-editable=\"text\" data-component-name=\"paragraph\" data-article-gutter=\"true\">\n            In the women\u2019s draw, two-time French Open champion Iga \u015awiatek is the favorite, though she has not displayed the same dominance on clay compared to last year, when she cruised to the title as part of a record-breaking, 37-match winning streak.\n    <\/p>\n<p class=\"paragraph inline-placeholder vossi-paragraph\" data-uri=\"cms.cnn.com\/_components\/paragraph\/instances\/paragraph_F06BA056-157A-8256-6AB3-57C5BD15E92D@published\" data-editable=\"text\" data-component-name=\"paragraph\" data-article-gutter=\"true\">\n            Aryna Sabalenka and Elena Rybakina, ranked second and fourth in the world respectively, have emerged as fierce rivals to \u015awiatek at the top of the women\u2019s game and both have beaten the Polish star in the past month.\n    <\/p>\n<div data-uri=\"cms.cnn.com\/_components\/image\/instances\/image-9d8fe5385b35d5b9d086ccb536c9c079@published\" class=\"image image__hide-placeholder\" data-image-variation=\"image\" data-name=\"03 French Open preview\" data-component-name=\"image\" data-observe-resizes=\"\" data-breakpoints=\"{\" image--eq-extra-small=\"\" data-original-ratio=\"0.6665\" data-original-height=\"1333\" data-original-width=\"2000\" data-url=\"https:\/\/media.cnn.com\/api\/v1\/images\/stellar\/prod\/230526131227-03-french-open-preview.jpg?c=original\" data-editable=\"settings\">\n<div class=\"image__container \" data-image-variation=\"image\" data-breakpoints=\"{\" image--eq-extra-small=\"\">\n       <picture class=\"image__picture\"><source height=\"1333\" width=\"2000\" media=\"(min-width: 1280px)\" srcset=\"https:\/\/media.cnn.com\/api\/v1\/images\/stellar\/prod\/230526131227-03-french-open-preview.jpg?q=w_1110,c_fill\/f_webp\" type=\"image\/webp\"><source height=\"1333\" width=\"2000\" media=\"(min-width: 960px)\" srcset=\"https:\/\/media.cnn.com\/api\/v1\/images\/stellar\/prod\/230526131227-03-french-open-preview.jpg?q=w_1015,c_fill\/f_webp\" type=\"image\/webp\"><source height=\"1333\" width=\"2000\" media=\"(min-width: 480px)\" srcset=\"https:\/\/media.cnn.com\/api\/v1\/images\/stellar\/prod\/230526131227-03-french-open-preview.jpg?q=w_1160,c_fill\/f_webp\" type=\"image\/webp\"><source height=\"1333\" width=\"2000\" media=\"(max-width: 479px)\" srcset=\"https:\/\/media.cnn.com\/api\/v1\/images\/stellar\/prod\/230526131227-03-french-open-preview.jpg?q=w_680,c_fill\/f_webp\" type=\"image\/webp\"><img decoding=\"async\" src=\"https:\/\/media.cnn.com\/api\/v1\/images\/stellar\/prod\/230526131227-03-french-open-preview.jpg?q=w_1110,c_fill\" alt=\"\u015awiatek in action during the Australian Open in January. \" class=\"image__dam-img image__dam-img--loading\" onload=\"this.classList.remove('image__dam-img--loading')\" onerror=\"imageLoadError(this)\" height=\"1333\" width=\"2000\" loading=\"lazy\"\/><\/source><\/source><\/source><\/source><\/picture>\n    <\/div>\n<\/div>\n<p class=\"paragraph inline-placeholder vossi-paragraph\" data-uri=\"cms.cnn.com\/_components\/paragraph\/instances\/paragraph_F872E0E7-C05F-7C17-38F2-580334EEFE5C@published\" data-editable=\"text\" data-component-name=\"paragraph\" data-article-gutter=\"true\">\n            That trio, which some are now calling the \u201cBig Three,\u201d have triumphed at the past four grand slams: \u015awiatek at the French and US Opens, Rybakina at Wimbledon and Sabalenka in Australia.\n    <\/p>\n<p class=\"paragraph inline-placeholder vossi-paragraph\" data-uri=\"cms.cnn.com\/_components\/paragraph\/instances\/paragraph_B1899B80-7A8C-19C4-9317-57C5BD16E9E5@published\" data-editable=\"text\" data-component-name=\"paragraph\" data-article-gutter=\"true\">\n            \u201cThe conditions in Paris should favor \u015awiatek, she feels comfortable there and is proving she is definitely playing at a high level of tennis,\u201d <a href=\"https:\/\/www.eurosport.com\/tennis\/roland-garros\/2023\/french-open-2023-iga-swiatek-the-favourite-barbara-schett-and-tim-henman-preview-roland-garros-women_sto9618101\/story.shtml\" target=\"_blank\" rel=\"noopener\">said<\/a> Eurosport expert and former world No. 7 Barbara Schett ahead of the tournament.\n    <\/p>\n<p class=\"paragraph inline-placeholder vossi-paragraph\" data-uri=\"cms.cnn.com\/_components\/paragraph\/instances\/paragraph_64A14928-4F50-1271-DD35-57C5BD186269@published\" data-editable=\"text\" data-component-name=\"paragraph\" data-article-gutter=\"true\">\n            \u201cI think it\u2019s good for Iga to have these two players [Sabalenka and Rybakina] that can challenge her and make her stay at the No. 1 spot,\u201d Schett added.\n    <\/p>\n<p class=\"paragraph inline-placeholder vossi-paragraph\" data-uri=\"cms.cnn.com\/_components\/paragraph\/instances\/paragraph_0178E33B-FA20-4964-D8D5-580432B6D5C0@published\" data-editable=\"text\" data-component-name=\"paragraph\" data-article-gutter=\"true\">\n            \u015awiatek, who has spent more than a year as world No. 1, could be dethroned by Sabalenka at the top of the rankings after the French Open. She begins her campaign against Spain\u2019s Cristina Buc\u0219a.\n    <\/p>\n<p class=\"paragraph inline-placeholder vossi-paragraph\" data-uri=\"cms.cnn.com\/_components\/paragraph\/instances\/paragraph_049F40A0-1D9C-C47F-ED32-57C5BD18DEAC@published\" data-editable=\"text\" data-component-name=\"paragraph\" data-article-gutter=\"true\">\n            Women\u2019s tennis has been blighted by controversies in recent weeks, placing renewed focus on the scheduling of the women\u2019s draw at Roland-Garros.\n    <\/p>\n<p class=\"paragraph inline-placeholder vossi-paragraph\" data-uri=\"cms.cnn.com\/_components\/paragraph\/instances\/paragraph_DB22F4A9-84B4-1F2A-D70B-58151CB89E99@published\" data-editable=\"text\" data-component-name=\"paragraph\" data-article-gutter=\"true\">\n            At the <a href=\"https:\/\/cnn.com\/2023\/05\/09\/tennis\/madrid-open-ball-girl-controversy-spt-intl\/index.html\" target=\"_blank\" rel=\"noopener\">Madrid Open<\/a>: ball girls on the main court were instructed to wear crop tops and short skirts and players in the doubles final were not permitted to speak after the match.\n    <\/p>\n<p class=\"paragraph inline-placeholder vossi-paragraph\" data-uri=\"cms.cnn.com\/_components\/paragraph\/instances\/paragraph_0D4A7B6F-DE85-109A-F452-57C5BD193125@published\" data-editable=\"text\" data-component-name=\"paragraph\" data-article-gutter=\"true\">\n            The ball girls\u2019 skirts were later changed for long shorts \u2013 although the crop tops remained \u2013 and tournament organizer Gerard Tsobanian said it was \u201cunacceptable\u201d not to give the finalists the chance to speak to fans at the end of their match.\n    <\/p>\n<p class=\"paragraph inline-placeholder vossi-paragraph\" data-uri=\"cms.cnn.com\/_components\/paragraph\/instances\/paragraph_CAB7CA37-8C85-8819-DB03-57C5BD1A79AC@published\" data-editable=\"text\" data-component-name=\"paragraph\" data-article-gutter=\"true\">\n            Then at the Italian Open, the final between Rybakina and Anhelina Kalinina was rescheduled due to rain and didn\u2019t start until 11 p.m. local time on Saturday \u2013 a situation former player Rennae Stubbs <a href=\"https:\/\/twitter.com\/rennaestubbs\/status\/1660051937218158595?s=20\" target=\"_blank\" rel=\"noopener\">described<\/a> as an \u201cabomination.\u201d\n    <\/p>\n<div data-uri=\"cms.cnn.com\/_components\/image\/instances\/image-e6f5c8a165b77fdf3861e8269e322ce6@published\" class=\"image image__hide-placeholder\" data-image-variation=\"image\" data-name=\"06 French Open preview\" data-component-name=\"image\" data-observe-resizes=\"\" data-breakpoints=\"{\" image--eq-extra-small=\"\" data-original-ratio=\"0.6465\" data-original-height=\"1293\" data-original-width=\"2000\" data-url=\"https:\/\/media.cnn.com\/api\/v1\/images\/stellar\/prod\/230526131412-06-french-open-preview.jpg?c=original\" data-editable=\"settings\">\n<div class=\"image__container \" data-image-variation=\"image\" data-breakpoints=\"{\" image--eq-extra-small=\"\">\n       <picture class=\"image__picture\"><source height=\"1293\" width=\"2000\" media=\"(min-width: 1280px)\" srcset=\"https:\/\/media.cnn.com\/api\/v1\/images\/stellar\/prod\/230526131412-06-french-open-preview.jpg?q=w_1110,c_fill\/f_webp\" type=\"image\/webp\"><source height=\"1293\" width=\"2000\" media=\"(min-width: 960px)\" srcset=\"https:\/\/media.cnn.com\/api\/v1\/images\/stellar\/prod\/230526131412-06-french-open-preview.jpg?q=w_1015,c_fill\/f_webp\" type=\"image\/webp\"><source height=\"1293\" width=\"2000\" media=\"(min-width: 480px)\" srcset=\"https:\/\/media.cnn.com\/api\/v1\/images\/stellar\/prod\/230526131412-06-french-open-preview.jpg?q=w_1160,c_fill\/f_webp\" type=\"image\/webp\"><source height=\"1293\" width=\"2000\" media=\"(max-width: 479px)\" srcset=\"https:\/\/media.cnn.com\/api\/v1\/images\/stellar\/prod\/230526131412-06-french-open-preview.jpg?q=w_680,c_fill\/f_webp\" type=\"image\/webp\"><img decoding=\"async\" src=\"https:\/\/media.cnn.com\/api\/v1\/images\/stellar\/prod\/230526131412-06-french-open-preview.jpg?q=w_1110,c_fill\" alt=\"Rybakina lines up a forehand against Mark\u00e9ta Vondrou\u0161ov\u00e1 at the Italian Open. \" class=\"image__dam-img image__dam-img--loading\" onload=\"this.classList.remove('image__dam-img--loading')\" onerror=\"imageLoadError(this)\" height=\"1293\" width=\"2000\" loading=\"lazy\"\/><\/source><\/source><\/source><\/source><\/picture>\n    <\/div>\n<\/div>\n<p class=\"paragraph inline-placeholder vossi-paragraph\" data-uri=\"cms.cnn.com\/_components\/paragraph\/instances\/paragraph_EAB80426-36FC-675C-5625-580932A0C0A2@published\" data-editable=\"text\" data-component-name=\"paragraph\" data-article-gutter=\"true\">\n            The WTA, however, <a href=\"https:\/\/www.reuters.com\/sports\/tennis\/wta-defends-late-start-italian-open-womens-final-2023-05-21\/\" target=\"_blank\" rel=\"noopener\">said<\/a> that moving the match later was the \u201cright thing to do\u201d in a statement to Reuters.\n    <\/p>\n<p class=\"paragraph inline-placeholder vossi-paragraph\" data-uri=\"cms.cnn.com\/_components\/paragraph\/instances\/paragraph_F84B900B-B553-B587-2B08-57C5BD1C310E@published\" data-editable=\"text\" data-component-name=\"paragraph\" data-article-gutter=\"true\">\n            Questions about scheduling may persist in the coming weeks given the way night sessions were scrutinized at last year\u2019s French Open.\n    <\/p>\n<p class=\"paragraph inline-placeholder vossi-paragraph\" data-uri=\"cms.cnn.com\/_components\/paragraph\/instances\/paragraph_D0A12653-B945-36EE-EEC2-57C5BD1D876B@published\" data-editable=\"text\" data-component-name=\"paragraph\" data-article-gutter=\"true\">\n            Only one of the 10 games scheduled as a night session in 2022 featured a women\u2019s match \u2013 the second-round contest between Aliz\u00e9 Cornet and Jelena Ostapenko. Tournament director Amelie Mauresmo explained how men\u2019s tennis has more \u201cappeal\u201d than the women\u2019s game, to which \u015awiatek responded by labeling Mauresmo\u2019s comments \u201cdisappointing.\u201d\n    <\/p>\n<p class=\"paragraph inline-placeholder vossi-paragraph\" data-uri=\"cms.cnn.com\/_components\/paragraph\/instances\/paragraph_01398942-17F4-6621-3079-57C5BD1E3C9A@published\" data-editable=\"text\" data-component-name=\"paragraph\" data-article-gutter=\"true\">\n            There is no shortage of star appeal at this year\u2019s French Open.\n    <\/p>\n<p class=\"paragraph inline-placeholder vossi-paragraph\" data-uri=\"cms.cnn.com\/_components\/paragraph\/instances\/paragraph_A2A9F059-0886-1012-90F7-57C5BD1F4DD8@published\" data-editable=\"text\" data-component-name=\"paragraph\" data-article-gutter=\"true\">\n            Alongside the talented trio of \u015awiatek, Sabalenka, and Rybakina, the likes of <a href=\"http:\/\/www.cnn.com\/2023\/01\/19\/tennis\/jessica-pegula-profile-intl-spt\/index.html\" target=\"_blank\" rel=\"noopener\">Jessica Pegula<\/a>, Caroline Garcia, Coco Gauff and Ons Jabeur \u2013 none of whom have won a grand slam \u2013 will be vying for the title at Roland-Garros.\n    <\/p>\n<\/p><\/div>\n<p><script async src=\"\/\/platform.twitter.com\/widgets.js\" charset=\"utf-8\"><\/script><br \/>\n<br \/><br \/>\n<br \/><a href=\"https:\/\/www.cnn.com\/2023\/05\/27\/tennis\/french-open-preview-tennis-spt-intl\/index.html\">Source link <\/a><\/p>\n","protected":false},"excerpt":{"rendered":"<p>CNN \u00a0\u2014\u00a0 It felt like the beginning of the end of an era at the French Open when Rafael Nadal announced his absence from the tournament earlier this month. Having struggled with a hip injury since the Australian Open, Nadal \u2013 a 14-time champion at Roland-Garros \u2013 is missing the second grand slam of the&#8230;<\/p>\n<p class=\"more-link-wrap\"><a href=\"https:\/\/ventil.rs\/blog\/sports\/with-rafael-nadal-absent-and-iga-swiateks-dominance-under-threat-the-french-open-is-hard-to-call-cnn\/\" class=\"more-link\">Read More<span class=\"screen-reader-text\"> &ldquo;With Rafael Nadal absent and Iga \u015awiatek\u2019s dominance under threat, the French Open is hard to call | CNN&rdquo;<\/span> &raquo;<\/a><\/p>\n","protected":false},"author":1,"featured_media":2694,"comment_status":"open","ping_status":"open","sticky":false,"template":"","format":"standard","meta":{"fifu_image_url":"https:\/\/media.cnn.com\/api\/v1\/images\/stellar\/prod\/230526131054-01-french-open-preview.jpg?c=16x9&q=w_800,c_fill","fifu_image_alt":"","footnotes":""},"categories":[7],"tags":[439,825,368,98,99,508,101,826,103,369,104,106,370],"class_list":["post-2693","post","type-post","status-publish","format-standard","has-post-thumbnail","hentry","category-sports","tag-carlos-alcaraz","tag-french-open","tag-grand-slam-tournaments","tag-iab-sports","tag-iab-tennis","tag-novak-djokovic","tag-professional-tennis","tag-rafael-nadal","tag-sports-and-recreation","tag-sports-events","tag-sports-figures","tag-tennis","tag-tennis-events"],"yoast_head":"<!-- This site is optimized with the Yoast SEO Premium plugin v17.8 (Yoast SEO v22.1) - https:\/\/yoast.com\/wordpress\/plugins\/seo\/ -->\n<title>With Rafael Nadal absent and Iga \u015awiatek\u2019s dominance under threat, the French Open is hard to call | CNN - Breaking News<\/title>\n<meta name=\"robots\" content=\"index, follow, max-snippet:-1, max-image-preview:large, max-video-preview:-1\" \/>\n<link rel=\"canonical\" href=\"https:\/\/ventil.rs\/blog\/sports\/with-rafael-nadal-absent-and-iga-swiateks-dominance-under-threat-the-french-open-is-hard-to-call-cnn\/\" \/>\n<meta property=\"og:locale\" content=\"en_US\" \/>\n<meta property=\"og:type\" content=\"article\" \/>\n<meta property=\"og:title\" content=\"With Rafael Nadal absent and Iga \u015awiatek\u2019s dominance under threat, the French Open is hard to call | CNN\" \/>\n<meta property=\"og:description\" content=\"CNN \u00a0\u2014\u00a0 It felt like the beginning of the end of an era at the French Open when Rafael Nadal announced his absence from the tournament earlier this month. Having struggled with a hip injury since the Australian Open, Nadal \u2013 a 14-time champion at Roland-Garros \u2013 is missing the second grand slam of the...Read More &ldquo;With Rafael Nadal absent and Iga \u015awiatek\u2019s dominance under threat, the French Open is hard to call | CNN&rdquo; &raquo;\" \/>\n<meta property=\"og:url\" content=\"https:\/\/ventil.rs\/blog\/sports\/with-rafael-nadal-absent-and-iga-swiateks-dominance-under-threat-the-french-open-is-hard-to-call-cnn\/\" \/>\n<meta property=\"og:site_name\" content=\"Breaking News\" \/>\n<meta property=\"article:published_time\" content=\"2024-11-01T08:26:22+00:00\" \/>\n<meta property=\"og:image\" content=\"https:\/\/media.cnn.com\/api\/v1\/images\/stellar\/prod\/230526131054-01-french-open-preview.jpg?c=16x9&q=w_800,c_fill\" \/><meta property=\"og:image\" content=\"https:\/\/media.cnn.com\/api\/v1\/images\/stellar\/prod\/230526131054-01-french-open-preview.jpg?c=16x9&q=w_800,c_fill\" \/>\n<meta name=\"author\" content=\"Admin\" \/>\n<meta name=\"twitter:card\" content=\"summary_large_image\" \/>\n<meta name=\"twitter:image\" content=\"https:\/\/media.cnn.com\/api\/v1\/images\/stellar\/prod\/230526131054-01-french-open-preview.jpg?c=16x9&q=w_800,c_fill\" \/>\n<meta name=\"twitter:label1\" content=\"Written by\" \/>\n\t<meta name=\"twitter:data1\" content=\"Admin\" \/>\n\t<meta name=\"twitter:label2\" content=\"Est. reading time\" \/>\n\t<meta name=\"twitter:data2\" content=\"5 minutes\" \/>\n<script type=\"application\/ld+json\" class=\"yoast-schema-graph\">{\"@context\":\"https:\/\/schema.org\",\"@graph\":[{\"@type\":\"Article\",\"@id\":\"https:\/\/ventil.rs\/blog\/sports\/with-rafael-nadal-absent-and-iga-swiateks-dominance-under-threat-the-french-open-is-hard-to-call-cnn\/#article\",\"isPartOf\":{\"@id\":\"https:\/\/ventil.rs\/blog\/sports\/with-rafael-nadal-absent-and-iga-swiateks-dominance-under-threat-the-french-open-is-hard-to-call-cnn\/\"},\"author\":{\"name\":\"Admin\",\"@id\":\"https:\/\/ventil.rs\/blog\/#\/schema\/person\/8b364f5cc7fbc8705a888e63db8c026a\"},\"headline\":\"With Rafael Nadal absent and Iga \u015awiatek\u2019s dominance under threat, the French Open is hard to call | CNN\",\"datePublished\":\"2024-11-01T08:26:22+00:00\",\"dateModified\":\"2024-11-01T08:26:22+00:00\",\"mainEntityOfPage\":{\"@id\":\"https:\/\/ventil.rs\/blog\/sports\/with-rafael-nadal-absent-and-iga-swiateks-dominance-under-threat-the-french-open-is-hard-to-call-cnn\/\"},\"wordCount\":1000,\"commentCount\":0,\"publisher\":{\"@id\":\"https:\/\/ventil.rs\/blog\/#organization\"},\"keywords\":[\"carlos alcaraz\",\"french open\",\"grand slam tournaments\",\"iab-sports\",\"iab-tennis\",\"novak djokovic\",\"professional tennis\",\"rafael nadal\",\"sports and recreation\",\"sports events\",\"sports figures\",\"tennis\",\"tennis events\"],\"articleSection\":[\"Sports\"],\"inLanguage\":\"en-US\",\"potentialAction\":[{\"@type\":\"CommentAction\",\"name\":\"Comment\",\"target\":[\"https:\/\/ventil.rs\/blog\/sports\/with-rafael-nadal-absent-and-iga-swiateks-dominance-under-threat-the-french-open-is-hard-to-call-cnn\/#respond\"]}],\"copyrightYear\":\"2024\",\"copyrightHolder\":{\"@id\":\"https:\/\/ventil.rs\/blog\/#organization\"}},{\"@type\":\"WebPage\",\"@id\":\"https:\/\/ventil.rs\/blog\/sports\/with-rafael-nadal-absent-and-iga-swiateks-dominance-under-threat-the-french-open-is-hard-to-call-cnn\/\",\"url\":\"https:\/\/ventil.rs\/blog\/sports\/with-rafael-nadal-absent-and-iga-swiateks-dominance-under-threat-the-french-open-is-hard-to-call-cnn\/\",\"name\":\"With Rafael Nadal absent and Iga \u015awiatek\u2019s dominance under threat, the French Open is hard to call | CNN - Breaking News\",\"isPartOf\":{\"@id\":\"https:\/\/ventil.rs\/blog\/#website\"},\"datePublished\":\"2024-11-01T08:26:22+00:00\",\"dateModified\":\"2024-11-01T08:26:22+00:00\",\"breadcrumb\":{\"@id\":\"https:\/\/ventil.rs\/blog\/sports\/with-rafael-nadal-absent-and-iga-swiateks-dominance-under-threat-the-french-open-is-hard-to-call-cnn\/#breadcrumb\"},\"inLanguage\":\"en-US\",\"potentialAction\":[{\"@type\":\"ReadAction\",\"target\":[\"https:\/\/ventil.rs\/blog\/sports\/with-rafael-nadal-absent-and-iga-swiateks-dominance-under-threat-the-french-open-is-hard-to-call-cnn\/\"]}]},{\"@type\":\"BreadcrumbList\",\"@id\":\"https:\/\/ventil.rs\/blog\/sports\/with-rafael-nadal-absent-and-iga-swiateks-dominance-under-threat-the-french-open-is-hard-to-call-cnn\/#breadcrumb\",\"itemListElement\":[{\"@type\":\"ListItem\",\"position\":1,\"name\":\"Home\",\"item\":\"https:\/\/ventil.rs\/blog\/\"},{\"@type\":\"ListItem\",\"position\":2,\"name\":\"With Rafael Nadal absent and Iga \u015awiatek\u2019s dominance under threat, the French Open is hard to call | CNN\"}]},{\"@type\":\"WebSite\",\"@id\":\"https:\/\/ventil.rs\/blog\/#website\",\"url\":\"https:\/\/ventil.rs\/blog\/\",\"name\":\"Breaking News\",\"description\":\"\",\"publisher\":{\"@id\":\"https:\/\/ventil.rs\/blog\/#organization\"},\"potentialAction\":[{\"@type\":\"SearchAction\",\"target\":{\"@type\":\"EntryPoint\",\"urlTemplate\":\"https:\/\/ventil.rs\/blog\/?s={search_term_string}\"},\"query-input\":\"required name=search_term_string\"}],\"inLanguage\":\"en-US\"},{\"@type\":\"Organization\",\"@id\":\"https:\/\/ventil.rs\/blog\/#organization\",\"name\":\"Breaking News\",\"url\":\"https:\/\/ventil.rs\/blog\/\",\"logo\":{\"@type\":\"ImageObject\",\"inLanguage\":\"en-US\",\"@id\":\"https:\/\/ventil.rs\/blog\/#\/schema\/logo\/image\/\",\"url\":\"https:\/\/ventil.rs\/blog\/wp-content\/uploads\/2023\/07\/ventilshop-2362x591-1.png\",\"contentUrl\":\"https:\/\/ventil.rs\/blog\/wp-content\/uploads\/2023\/07\/ventilshop-2362x591-1.png\",\"width\":1445,\"height\":591,\"caption\":\"Breaking News\"},\"image\":{\"@id\":\"https:\/\/ventil.rs\/blog\/#\/schema\/logo\/image\/\"}},{\"@type\":\"Person\",\"@id\":\"https:\/\/ventil.rs\/blog\/#\/schema\/person\/8b364f5cc7fbc8705a888e63db8c026a\",\"name\":\"Admin\",\"image\":{\"@type\":\"ImageObject\",\"inLanguage\":\"en-US\",\"@id\":\"https:\/\/ventil.rs\/blog\/#\/schema\/person\/image\/\",\"url\":\"https:\/\/secure.gravatar.com\/avatar\/e3dd0b52c93ce674a00a0dbe8383290fdc661c12a7e48e5953f790da3887973d?s=96&d=mm&r=g\",\"contentUrl\":\"https:\/\/secure.gravatar.com\/avatar\/e3dd0b52c93ce674a00a0dbe8383290fdc661c12a7e48e5953f790da3887973d?s=96&d=mm&r=g\",\"caption\":\"Admin\"},\"sameAs\":[\"https:\/\/ventil.rs\/blog\"],\"url\":\"https:\/\/ventil.rs\/blog\/author\/admin\/\"}]}<\/script>\n<!-- \/ Yoast SEO Premium plugin. -->","yoast_head_json":{"title":"With Rafael Nadal absent and Iga \u015awiatek\u2019s dominance under threat, the French Open is hard to call | CNN - Breaking News","robots":{"index":"index","follow":"follow","max-snippet":"max-snippet:-1","max-image-preview":"max-image-preview:large","max-video-preview":"max-video-preview:-1"},"canonical":"https:\/\/ventil.rs\/blog\/sports\/with-rafael-nadal-absent-and-iga-swiateks-dominance-under-threat-the-french-open-is-hard-to-call-cnn\/","og_locale":"en_US","og_type":"article","og_title":"With Rafael Nadal absent and Iga \u015awiatek\u2019s dominance under threat, the French Open is hard to call | CNN","og_description":"CNN \u00a0\u2014\u00a0 It felt like the beginning of the end of an era at the French Open when Rafael Nadal announced his absence from the tournament earlier this month. Having struggled with a hip injury since the Australian Open, Nadal \u2013 a 14-time champion at Roland-Garros \u2013 is missing the second grand slam of the...Read More &ldquo;With Rafael Nadal absent and Iga \u015awiatek\u2019s dominance under threat, the French Open is hard to call | CNN&rdquo; &raquo;","og_url":"https:\/\/ventil.rs\/blog\/sports\/with-rafael-nadal-absent-and-iga-swiateks-dominance-under-threat-the-french-open-is-hard-to-call-cnn\/","og_site_name":"Breaking News","article_published_time":"2024-11-01T08:26:22+00:00","og_image":[{"url":"https:\/\/media.cnn.com\/api\/v1\/images\/stellar\/prod\/230526131054-01-french-open-preview.jpg?c=16x9&q=w_800,c_fill"},{"url":"https:\/\/media.cnn.com\/api\/v1\/images\/stellar\/prod\/230526131054-01-french-open-preview.jpg?c=16x9&q=w_800,c_fill"}],"author":"Admin","twitter_card":"summary_large_image","twitter_image":"https:\/\/media.cnn.com\/api\/v1\/images\/stellar\/prod\/230526131054-01-french-open-preview.jpg?c=16x9&q=w_800,c_fill","twitter_misc":{"Written by":"Admin","Est. reading time":"5 minutes"},"schema":{"@context":"https:\/\/schema.org","@graph":[{"@type":"Article","@id":"https:\/\/ventil.rs\/blog\/sports\/with-rafael-nadal-absent-and-iga-swiateks-dominance-under-threat-the-french-open-is-hard-to-call-cnn\/#article","isPartOf":{"@id":"https:\/\/ventil.rs\/blog\/sports\/with-rafael-nadal-absent-and-iga-swiateks-dominance-under-threat-the-french-open-is-hard-to-call-cnn\/"},"author":{"name":"Admin","@id":"https:\/\/ventil.rs\/blog\/#\/schema\/person\/8b364f5cc7fbc8705a888e63db8c026a"},"headline":"With Rafael Nadal absent and Iga \u015awiatek\u2019s dominance under threat, the French Open is hard to call | CNN","datePublished":"2024-11-01T08:26:22+00:00","dateModified":"2024-11-01T08:26:22+00:00","mainEntityOfPage":{"@id":"https:\/\/ventil.rs\/blog\/sports\/with-rafael-nadal-absent-and-iga-swiateks-dominance-under-threat-the-french-open-is-hard-to-call-cnn\/"},"wordCount":1000,"commentCount":0,"publisher":{"@id":"https:\/\/ventil.rs\/blog\/#organization"},"keywords":["carlos alcaraz","french open","grand slam tournaments","iab-sports","iab-tennis","novak djokovic","professional tennis","rafael nadal","sports and recreation","sports events","sports figures","tennis","tennis events"],"articleSection":["Sports"],"inLanguage":"en-US","potentialAction":[{"@type":"CommentAction","name":"Comment","target":["https:\/\/ventil.rs\/blog\/sports\/with-rafael-nadal-absent-and-iga-swiateks-dominance-under-threat-the-french-open-is-hard-to-call-cnn\/#respond"]}],"copyrightYear":"2024","copyrightHolder":{"@id":"https:\/\/ventil.rs\/blog\/#organization"}},{"@type":"WebPage","@id":"https:\/\/ventil.rs\/blog\/sports\/with-rafael-nadal-absent-and-iga-swiateks-dominance-under-threat-the-french-open-is-hard-to-call-cnn\/","url":"https:\/\/ventil.rs\/blog\/sports\/with-rafael-nadal-absent-and-iga-swiateks-dominance-under-threat-the-french-open-is-hard-to-call-cnn\/","name":"With Rafael Nadal absent and Iga \u015awiatek\u2019s dominance under threat, the French Open is hard to call | CNN - Breaking News","isPartOf":{"@id":"https:\/\/ventil.rs\/blog\/#website"},"datePublished":"2024-11-01T08:26:22+00:00","dateModified":"2024-11-01T08:26:22+00:00","breadcrumb":{"@id":"https:\/\/ventil.rs\/blog\/sports\/with-rafael-nadal-absent-and-iga-swiateks-dominance-under-threat-the-french-open-is-hard-to-call-cnn\/#breadcrumb"},"inLanguage":"en-US","potentialAction":[{"@type":"ReadAction","target":["https:\/\/ventil.rs\/blog\/sports\/with-rafael-nadal-absent-and-iga-swiateks-dominance-under-threat-the-french-open-is-hard-to-call-cnn\/"]}]},{"@type":"BreadcrumbList","@id":"https:\/\/ventil.rs\/blog\/sports\/with-rafael-nadal-absent-and-iga-swiateks-dominance-under-threat-the-french-open-is-hard-to-call-cnn\/#breadcrumb","itemListElement":[{"@type":"ListItem","position":1,"name":"Home","item":"https:\/\/ventil.rs\/blog\/"},{"@type":"ListItem","position":2,"name":"With Rafael Nadal absent and Iga \u015awiatek\u2019s dominance under threat, the French Open is hard to call | CNN"}]},{"@type":"WebSite","@id":"https:\/\/ventil.rs\/blog\/#website","url":"https:\/\/ventil.rs\/blog\/","name":"Breaking News","description":"","publisher":{"@id":"https:\/\/ventil.rs\/blog\/#organization"},"potentialAction":[{"@type":"SearchAction","target":{"@type":"EntryPoint","urlTemplate":"https:\/\/ventil.rs\/blog\/?s={search_term_string}"},"query-input":"required name=search_term_string"}],"inLanguage":"en-US"},{"@type":"Organization","@id":"https:\/\/ventil.rs\/blog\/#organization","name":"Breaking News","url":"https:\/\/ventil.rs\/blog\/","logo":{"@type":"ImageObject","inLanguage":"en-US","@id":"https:\/\/ventil.rs\/blog\/#\/schema\/logo\/image\/","url":"https:\/\/ventil.rs\/blog\/wp-content\/uploads\/2023\/07\/ventilshop-2362x591-1.png","contentUrl":"https:\/\/ventil.rs\/blog\/wp-content\/uploads\/2023\/07\/ventilshop-2362x591-1.png","width":1445,"height":591,"caption":"Breaking News"},"image":{"@id":"https:\/\/ventil.rs\/blog\/#\/schema\/logo\/image\/"}},{"@type":"Person","@id":"https:\/\/ventil.rs\/blog\/#\/schema\/person\/8b364f5cc7fbc8705a888e63db8c026a","name":"Admin","image":{"@type":"ImageObject","inLanguage":"en-US","@id":"https:\/\/ventil.rs\/blog\/#\/schema\/person\/image\/","url":"https:\/\/secure.gravatar.com\/avatar\/e3dd0b52c93ce674a00a0dbe8383290fdc661c12a7e48e5953f790da3887973d?s=96&d=mm&r=g","contentUrl":"https:\/\/secure.gravatar.com\/avatar\/e3dd0b52c93ce674a00a0dbe8383290fdc661c12a7e48e5953f790da3887973d?s=96&d=mm&r=g","caption":"Admin"},"sameAs":["https:\/\/ventil.rs\/blog"],"url":"https:\/\/ventil.rs\/blog\/author\/admin\/"}]}},"_links":{"self":[{"href":"https:\/\/ventil.rs\/blog\/wp-json\/wp\/v2\/posts\/2693","targetHints":{"allow":["GET"]}}],"collection":[{"href":"https:\/\/ventil.rs\/blog\/wp-json\/wp\/v2\/posts"}],"about":[{"href":"https:\/\/ventil.rs\/blog\/wp-json\/wp\/v2\/types\/post"}],"author":[{"embeddable":true,"href":"https:\/\/ventil.rs\/blog\/wp-json\/wp\/v2\/users\/1"}],"replies":[{"embeddable":true,"href":"https:\/\/ventil.rs\/blog\/wp-json\/wp\/v2\/comments?post=2693"}],"version-history":[{"count":0,"href":"https:\/\/ventil.rs\/blog\/wp-json\/wp\/v2\/posts\/2693\/revisions"}],"wp:featuredmedia":[{"embeddable":true,"href":"https:\/\/ventil.rs\/blog\/wp-json\/wp\/v2\/media\/2694"}],"wp:attachment":[{"href":"https:\/\/ventil.rs\/blog\/wp-json\/wp\/v2\/media?parent=2693"}],"wp:term":[{"taxonomy":"category","embeddable":true,"href":"https:\/\/ventil.rs\/blog\/wp-json\/wp\/v2\/categories?post=2693"},{"taxonomy":"post_tag","embeddable":true,"href":"https:\/\/ventil.rs\/blog\/wp-json\/wp\/v2\/tags?post=2693"}],"curies":[{"name":"wp","href":"https:\/\/api.w.org\/{rel}","templated":true}]}}